{"id":911,"date":"2023-03-06T07:32:10","date_gmt":"2023-03-06T07:32:10","guid":{"rendered":"https:\/\/paul-tech.com\/?p=911"},"modified":"2026-03-12T15:52:32","modified_gmt":"2026-03-12T15:52:32","slug":"pollumajandusidu-juht-poliitikud-on-liiga-kaua-uhel-kohal-olnud","status":"publish","type":"post","link":"https:\/\/paul-tech.com\/et\/pollumajandusidu-juht-poliitikud-on-liiga-kaua-uhel-kohal-olnud\/","title":{"rendered":"P\u00f5llumajandusidu juht: poliitikud on liiga kaua \u00fchel kohal olnud"},"content":{"rendered":"<div class=\"wp-block-post-date\"><time datetime=\"2023-03-06T07:32:10+00:00\">March 6, 2023<\/time><\/div>\n\n\n<ul class=\"wp-block-social-links is-layout-flex wp-block-social-links-is-layout-flex\"><li class=\"wp-social-link wp-social-link-facebook  wp-block-social-link\"><a rel=\"noopener nofollow\" target=\"_blank\" href=\"https:\/\/www.facebook.com\/PaulTechEstonia\" class=\"wp-block-social-link-anchor\"><svg width=\"24\" height=\"24\" viewBox=\"0 0 24 24\" version=\"1.1\" xmlns=\"http:\/\/www.w3.org\/2000\/svg\" aria-hidden=\"true\" focusable=\"false\"><path d=\"M12 2C6.5 2 2 6.5 2 12c0 5 3.7 9.1 8.4 9.9v-7H7.9V12h2.5V9.8c0-2.5 1.5-3.9 3.8-3.9 1.1 0 2.2.2 2.2.2v2.5h-1.3c-1.2 0-1.6.8-1.6 1.6V12h2.8l-.4 2.9h-2.3v7C18.3 21.1 22 17 22 12c0-5.5-4.5-10-10-10z\"><\/path><\/svg><span class=\"wp-block-social-link-label screen-reader-text\">Facebook<\/span><\/a><\/li>\n\n<li class=\"wp-social-link wp-social-link-linkedin  wp-block-social-link\"><a rel=\"noopener nofollow\" target=\"_blank\" href=\"https:\/\/www.linkedin.com\/company\/paul-tech\/\" class=\"wp-block-social-link-anchor\"><svg width=\"24\" height=\"24\" viewBox=\"0 0 24 24\" version=\"1.1\" xmlns=\"http:\/\/www.w3.org\/2000\/svg\" aria-hidden=\"true\" focusable=\"false\"><path d=\"M19.7,3H4.3C3.582,3,3,3.582,3,4.3v15.4C3,20.418,3.582,21,4.3,21h15.4c0.718,0,1.3-0.582,1.3-1.3V4.3 C21,3.582,20.418,3,19.7,3z M8.339,18.338H5.667v-8.59h2.672V18.338z M7.004,8.574c-0.857,0-1.549-0.694-1.549-1.548 c0-0.855,0.691-1.548,1.549-1.548c0.854,0,1.547,0.694,1.547,1.548C8.551,7.881,7.858,8.574,7.004,8.574z M18.339,18.338h-2.669 v-4.177c0-0.996-0.017-2.278-1.387-2.278c-1.389,0-1.601,1.086-1.601,2.206v4.249h-2.667v-8.59h2.559v1.174h0.037 c0.356-0.675,1.227-1.387,2.526-1.387c2.703,0,3.203,1.779,3.203,4.092V18.338z\"><\/path><\/svg><span class=\"wp-block-social-link-label screen-reader-text\">LinkedIn<\/span><\/a><\/li>\n\n<li class=\"wp-social-link wp-social-link-instagram  wp-block-social-link\"><a rel=\"noopener nofollow\" target=\"_blank\" href=\"https:\/\/www.instagram.com\/paultech_esoil\/\" class=\"wp-block-social-link-anchor\"><svg width=\"24\" height=\"24\" viewBox=\"0 0 24 24\" version=\"1.1\" xmlns=\"http:\/\/www.w3.org\/2000\/svg\" aria-hidden=\"true\" focusable=\"false\"><path d=\"M12,4.622c2.403,0,2.688,0.009,3.637,0.052c0.877,0.04,1.354,0.187,1.671,0.31c0.42,0.163,0.72,0.358,1.035,0.673 c0.315,0.315,0.51,0.615,0.673,1.035c0.123,0.317,0.27,0.794,0.31,1.671c0.043,0.949,0.052,1.234,0.052,3.637 s-0.009,2.688-0.052,3.637c-0.04,0.877-0.187,1.354-0.31,1.671c-0.163,0.42-0.358,0.72-0.673,1.035 c-0.315,0.315-0.615,0.51-1.035,0.673c-0.317,0.123-0.794,0.27-1.671,0.31c-0.949,0.043-1.233,0.052-3.637,0.052 s-2.688-0.009-3.637-0.052c-0.877-0.04-1.354-0.187-1.671-0.31c-0.42-0.163-0.72-0.358-1.035-0.673 c-0.315-0.315-0.51-0.615-0.673-1.035c-0.123-0.317-0.27-0.794-0.31-1.671C4.631,14.688,4.622,14.403,4.622,12 s0.009-2.688,0.052-3.637c0.04-0.877,0.187-1.354,0.31-1.671c0.163-0.42,0.358-0.72,0.673-1.035 c0.315-0.315,0.615-0.51,1.035-0.673c0.317-0.123,0.794-0.27,1.671-0.31C9.312,4.631,9.597,4.622,12,4.622 M12,3 C9.556,3,9.249,3.01,8.289,3.054C7.331,3.098,6.677,3.25,6.105,3.472C5.513,3.702,5.011,4.01,4.511,4.511 c-0.5,0.5-0.808,1.002-1.038,1.594C3.25,6.677,3.098,7.331,3.054,8.289C3.01,9.249,3,9.556,3,12c0,2.444,0.01,2.751,0.054,3.711 c0.044,0.958,0.196,1.612,0.418,2.185c0.23,0.592,0.538,1.094,1.038,1.594c0.5,0.5,1.002,0.808,1.594,1.038 c0.572,0.222,1.227,0.375,2.185,0.418C9.249,20.99,9.556,21,12,21s2.751-0.01,3.711-0.054c0.958-0.044,1.612-0.196,2.185-0.418 c0.592-0.23,1.094-0.538,1.594-1.038c0.5-0.5,0.808-1.002,1.038-1.594c0.222-0.572,0.375-1.227,0.418-2.185 C20.99,14.751,21,14.444,21,12s-0.01-2.751-0.054-3.711c-0.044-0.958-0.196-1.612-0.418-2.185c-0.23-0.592-0.538-1.094-1.038-1.594 c-0.5-0.5-1.002-0.808-1.594-1.038c-0.572-0.222-1.227-0.375-2.185-0.418C14.751,3.01,14.444,3,12,3L12,3z M12,7.378 c-2.552,0-4.622,2.069-4.622,4.622S9.448,16.622,12,16.622s4.622-2.069,4.622-4.622S14.552,7.378,12,7.378z M12,15 c-1.657,0-3-1.343-3-3s1.343-3,3-3s3,1.343,3,3S13.657,15,12,15z M16.804,6.116c-0.596,0-1.08,0.484-1.08,1.08 s0.484,1.08,1.08,1.08c0.596,0,1.08-0.484,1.08-1.08S17.401,6.116,16.804,6.116z\"><\/path><\/svg><span class=\"wp-block-social-link-label screen-reader-text\">Instagram<\/span><\/a><\/li>\n\n<li class=\"wp-social-link wp-social-link-youtube  wp-block-social-link\"><a rel=\"noopener nofollow\" target=\"_blank\" href=\"https:\/\/www.youtube.com\/@paul-tech_esoil\" class=\"wp-block-social-link-anchor\"><svg width=\"24\" height=\"24\" viewBox=\"0 0 24 24\" version=\"1.1\" xmlns=\"http:\/\/www.w3.org\/2000\/svg\" aria-hidden=\"true\" focusable=\"false\"><path d=\"M21.8,8.001c0,0-0.195-1.378-0.795-1.985c-0.76-0.797-1.613-0.801-2.004-0.847c-2.799-0.202-6.997-0.202-6.997-0.202 h-0.009c0,0-4.198,0-6.997,0.202C4.608,5.216,3.756,5.22,2.995,6.016C2.395,6.623,2.2,8.001,2.2,8.001S2,9.62,2,11.238v1.517 c0,1.618,0.2,3.237,0.2,3.237s0.195,1.378,0.795,1.985c0.761,0.797,1.76,0.771,2.205,0.855c1.6,0.153,6.8,0.201,6.8,0.201 s4.203-0.006,7.001-0.209c0.391-0.047,1.243-0.051,2.004-0.847c0.6-0.607,0.795-1.985,0.795-1.985s0.2-1.618,0.2-3.237v-1.517 C22,9.62,21.8,8.001,21.8,8.001z M9.935,14.594l-0.001-5.62l5.404,2.82L9.935,14.594z\"><\/path><\/svg><span class=\"wp-block-social-link-label screen-reader-text\">YouTube<\/span><\/a><\/li>\n\n<li class=\"wp-social-link wp-social-link-tiktok  wp-block-social-link\"><a rel=\"noopener nofollow\" target=\"_blank\" href=\"https:\/\/www.tiktok.com\/@paultech_soil\" class=\"wp-block-social-link-anchor\"><svg width=\"24\" height=\"24\" viewBox=\"0 0 32 32\" version=\"1.1\" xmlns=\"http:\/\/www.w3.org\/2000\/svg\" aria-hidden=\"true\" focusable=\"false\"><path d=\"M16.708 0.027c1.745-0.027 3.48-0.011 5.213-0.027 0.105 2.041 0.839 4.12 2.333 5.563 1.491 1.479 3.6 2.156 5.652 2.385v5.369c-1.923-0.063-3.855-0.463-5.6-1.291-0.76-0.344-1.468-0.787-2.161-1.24-0.009 3.896 0.016 7.787-0.025 11.667-0.104 1.864-0.719 3.719-1.803 5.255-1.744 2.557-4.771 4.224-7.88 4.276-1.907 0.109-3.812-0.411-5.437-1.369-2.693-1.588-4.588-4.495-4.864-7.615-0.032-0.667-0.043-1.333-0.016-1.984 0.24-2.537 1.495-4.964 3.443-6.615 2.208-1.923 5.301-2.839 8.197-2.297 0.027 1.975-0.052 3.948-0.052 5.923-1.323-0.428-2.869-0.308-4.025 0.495-0.844 0.547-1.485 1.385-1.819 2.333-0.276 0.676-0.197 1.427-0.181 2.145 0.317 2.188 2.421 4.027 4.667 3.828 1.489-0.016 2.916-0.88 3.692-2.145 0.251-0.443 0.532-0.896 0.547-1.417 0.131-2.385 0.079-4.76 0.095-7.145 0.011-5.375-0.016-10.735 0.025-16.093z\" \/><\/svg><span class=\"wp-block-social-link-label screen-reader-text\">TikTok<\/span><\/a><\/li><\/ul>\n\n\n\n<p>Autor: Mikk Plakk \u2022 1. m\u00e4rts 2023<\/p>\n\n\n\n<figure class=\"wp-block-image size-large\"><img decoding=\"async\" src=\"https:\/\/paultech.no11.ee\/wp-content\/uploads\/2022\/04\/Kolm-generatsiooni-panus-2-1024x607.jpeg\" alt=\"\" class=\"wp-image-628\"\/><\/figure>\n\n\n\n<p>Idufirma Paul-Tech tegevjuhi Mikk Plakki s\u00f5nul ei oska poliitikud innovatiivselt m\u00f5elda.<br>Foto: Marko S\u00f6\u00f6nurm<\/p>\n\n\n\n<p class=\"has-medium-font-size\">Eesti v\u00f5iks vabalt olla p\u00f5llumajandussektori innovatsiooni eestvedaja, kui ainult riik eraseektoriga sujuvamat koost\u00f6\u00f6d teeks ning innovatsiooni osas rohkem huvi tunneks, kirjeldas p\u00f5llumajandusidu Paul-Tech tegevjuht Mikk Plakk.<\/p>\n\n\n\n<p>K\u00f5ige enam on Eesti \u00fchiskonnas vaja ratsionaalset m\u00f5tlemist, kokku hoidmist, teineteise kuulamist ja m\u00f5istmist. Iga uus idee v\u00f5i muutus tekitab inimestes vastuseisu. Ei taheta kuulata ega m\u00f5ista, kuidas see tegelikult meid aidata v\u00f5iks. See on see n-\u00f6 mitte-minu-tagahoovis-efekt.<\/p>\n\n\n\n<p>Erinevate murede leevendamiseks on olemas lahendusi, aga inimesed soovivad, et need lahendused tekiks kusagil mujal, nende kodudest eemal. N\u00e4itena v\u00f5iks tuua tuuleparkide v\u00f5i tuumajaama rajamise teema \u2013 inimesed justkui soovivad odavamat elektrit, aga keegi ei taha elektri tootmist oma tagahoovi.<\/p>\n\n\n\n<p>Samalaadne olukord on toimumas ka riigikaitse teemal. Sellest n\u00e4htusest tulenevalt ei julge poliitikud vastu v\u00f5tta konkreetseid otsuseid ja annavad \u00fcmmargusi vastuseid, kartes valijaid kaotada.<\/p>\n\n\n\n<p>Tarvis oleks praegusest enam konkreetsust ja otsustusv\u00f5imet. Riigis peaks olema rohkem innovatiivset m\u00f5tlemist. Ametnikud on liiga kaua olnud oma kohtadel ning ei oskagi innovatiivselt m\u00f5elda, kuidas asju lihtsamaks ja automaatsemaks muuta.<\/p>\n\n\n\n<p><strong>Eesti v\u00f5iks olla p\u00f5llumajandusinnovatsiooni liider<\/strong><\/p>\n\n\n\n<p>Riigikogu ja kogu seadusandlus v\u00f5iks olla h\u00e4\u00e4lestatud uuendustele, kuidas saaks asju teha innovatiivsemalt. Lihtne on alati \u00f6elda, ei saa, selle asemel, et kaasa m\u00f5elda ja uuendustega kaasa minna.<\/p>\n\n\n\n<p>N\u00e4itena v\u00f5iksin tuua meie p\u00f5llumajanduse. Eesti on piisavalt v\u00e4ike riik, kus saaks katsetada uusi ideid ja tehnoloogiaid ning saadud kogemust maailmamastaapi edasi kanda. V\u00e4iksematel ettev\u00f5tetel on ennast riigisektorile v\u00e4ga raske t\u00f5estada. Kui ettev\u00f5te on ennast mujal maailmas suutnud t\u00f5estada, alles siis tekib toote v\u00f5i teenuse vastu huvi ka kodumaal.<\/p>\n\n\n\n<p>Idusektoril on palju ideid, kuidas mingeid probleeme lahendada, aga tihtipeale ei j\u00f5ua need ametnike lauale. Riigisektor v\u00f5iks ise rohkem huvi tunda, kuidas innovatsioon s\u00fcnnib. Kui idusektoril on vaja teha riigiga koost\u00f6\u00f6d, siis see teekond on tihtipeale v\u00e4ga keeruline ja aegan\u00f5udev protsess.<\/p>\n\n\n\n<p>Ehk peaksid poliitikud ja riigiametnikud k\u00e4ima rohkem erinevatel idu\u00fcritustel, n\u00e4iteks Startup Day\u00b4l, Latidude59\u00b4l jne. See on suurep\u00e4rane v\u00f5imalus, et end kurssi viia k\u00f5ige uuemate tehnoloogiate, v\u00f5imaluste ja ideedega, kuidas saaks neid riigisektoris rakendada.<\/p>\n\n\n\n<p><strong>Valijaid meelitatakse v\u00f5imatute lubadustega<\/strong><\/p>\n\n\n\n<p>Kui v\u00f5rrelda eelmisi ja praeguseid valimisi, siis v\u00e4ga paljud lubadused kattuvad. Muutunud on see, et kuna Euroopas on s\u00f5da, siis n\u00fc\u00fcd pannakse varasemast rohkem r\u00f5hku julgeoleku teemadele. Aga k\u00f5ik muu on sisuliselt sama.<\/p>\n\n\n\n<p>Valijate meelitamiseks antakse lubadusi, mida pole riigil majanduslikult v\u00f5imalik t\u00e4ita. N\u00e4iteks \u00fcks partei lubab maksta kodulaenu iga lapse pealt veerandi v\u00f5rra tagasi. Aga kust see raha tuleb ja kelle arvelt?<\/p>\n\n\n\n<p>Lubadused, mis t\u00f5en\u00e4oliselt saavad reaalsuseks: naeruv\u00e4\u00e4rselt v\u00e4ike pensionit\u00f5us ja kaitsekulude suurenemine.<\/p>\n\n\n\n<p><strong>J\u00e4tkusuutlikkus on erasektori \u00f5lul<\/strong><\/p>\n\n\n\n<p>Haridusvaldkond on valimiste l\u00e4henedes k\u00fcll alati kuum teema, aga ei saa piisavalt k\u00f5lapinda. Rohkem tuleks t\u00e4helepanu p\u00f6\u00f6rata sellele, kuidas toetada kvaliteetse hariduse omandamist ning seda, et just tehnoloogiafirmadesse oleks piisavalt t\u00f6\u00f6j\u00f5udu peale tulemas. Me ei vaja pelgalt programmeerijaid, kogu hariduss\u00fcsteem peaks juba maast madalast julgustama noori innovaatiliselt m\u00f5tlema.<\/p>\n\n\n\n<p>Liiga v\u00e4he t\u00e4helepanu saab ka j\u00e4tkusuutlikus p\u00f5llumajanduses ja keskkonnas. P\u00f5llumajandussektoril lasub suur koorem, kus vastavalt EU2030 regulatsioonidele peab hakkama l\u00e4bi ajama v\u00e4iksemate sisenditega, et keskkonda v\u00e4hem saastada. M\u00f5te on v\u00e4ga \u00fcllas, aga sellisel juhul peaks ka v\u00e4ga selgelt paika panema tegevuskava, kuidas p\u00f5llumees saaks sinna suunas liikuda. See t\u00e4hendaks seda, et tuleb hakata ka riigi tasandil propageerima lahenduste kasutamist, mis aitavad sisendeid kokku hoida. Praegusel ajal on antud m\u00f5tteviisi edendamine ainult erasektori \u00f5lul.<\/p>\n\n\n\n<p>Eesti v\u00f5iks vabalt olla j\u00e4tkusuutliku p\u00f5llumajanduse eestk\u00f5neleja, kui saaksime katsetada erinevaid tehnoloogiaid ja nende m\u00f5ju nii meie muldadele kui ka sisendite kasutamisele. Siin j\u00f5uangi tagasi idusektori ja riigi koost\u00f6\u00f6 suurendamisele.<\/p>\n\n\n\n<p><a href=\"https:\/\/www.foundme.io\/arvamused\/2023\/02\/27\/pollumajandusidu-juht-poliitikud-on-liiga-kaua-uhel-kohal-olnud\">foundme.io<\/a><\/p>\n","protected":false},"excerpt":{"rendered":"<p>Autor: Mikk Plakk \u2022 1. m\u00e4rts 2023 Idufirma Paul-Tech tegevjuhi Mikk Plakki s\u00f5nul ei oska poliitikud innovatiivselt m\u00f5elda.Foto: Marko S\u00f6\u00f6nurm&#8230;<\/p>\n","protected":false},"author":5,"featured_media":626,"comment_status":"open","ping_status":"open","sticky":false,"template":"","format":"standard","meta":{"_acf_changed":false,"footnotes":""},"categories":[1],"tags":[],"class_list":["post-911","post","type-post","status-publish","format-standard","has-post-thumbnail","hentry","category-uncategorized"],"acf":[],"yoast_head":"<!-- This site is optimized with the Yoast SEO Premium plugin v27.4 (Yoast SEO v27.4) - https:\/\/yoast.com\/product\/yoast-seo-premium-wordpress\/ -->\n<title>P\u00f5llumajandusidu juht: poliitikud on liiga kaua \u00fchel kohal olnud - Paul-Tech<\/title>\n<meta name=\"robots\" content=\"index, follow, max-snippet:-1, max-image-preview:large, max-video-preview:-1\" \/>\n<link rel=\"canonical\" href=\"https:\/\/paul-tech.com\/et\/pollumajandusidu-juht-poliitikud-on-liiga-kaua-uhel-kohal-olnud\/\" \/>\n<meta property=\"og:locale\" content=\"et_EE\" \/>\n<meta property=\"og:type\" content=\"article\" \/>\n<meta property=\"og:title\" content=\"P\u00f5llumajandusidu juht: poliitikud on liiga kaua \u00fchel kohal olnud\" \/>\n<meta property=\"og:description\" content=\"Autor: Mikk Plakk \u2022 1. m\u00e4rts 2023 Idufirma Paul-Tech tegevjuhi Mikk Plakki s\u00f5nul ei oska poliitikud innovatiivselt m\u00f5elda.Foto: Marko S\u00f6\u00f6nurm...\" \/>\n<meta property=\"og:url\" content=\"https:\/\/paul-tech.com\/et\/pollumajandusidu-juht-poliitikud-on-liiga-kaua-uhel-kohal-olnud\/\" \/>\n<meta property=\"og:site_name\" content=\"Paul-Tech\" \/>\n<meta property=\"article:published_time\" content=\"2023-03-06T07:32:10+00:00\" \/>\n<meta property=\"article:modified_time\" content=\"2026-03-12T15:52:32+00:00\" \/>\n<meta property=\"og:image\" content=\"https:\/\/paul-tech.com\/wp-content\/uploads\/2022\/04\/Kolm-generatsiooni-panus-2.jpeg\" \/>\n\t<meta property=\"og:image:width\" content=\"1200\" \/>\n\t<meta property=\"og:image:height\" content=\"711\" \/>\n\t<meta property=\"og:image:type\" content=\"image\/jpeg\" \/>\n<meta name=\"author\" content=\"Eve Plakk\" \/>\n<meta name=\"twitter:card\" content=\"summary_large_image\" \/>\n<meta name=\"twitter:label1\" content=\"Written by\" \/>\n\t<meta name=\"twitter:data1\" content=\"Eve Plakk\" \/>\n\t<meta name=\"twitter:label2\" content=\"Est. reading time\" \/>\n\t<meta name=\"twitter:data2\" content=\"1 minute\" \/>\n<script type=\"application\/ld+json\" class=\"yoast-schema-graph\">{\"@context\":\"https:\\\/\\\/schema.org\",\"@graph\":[{\"@type\":\"Article\",\"@id\":\"https:\\\/\\\/paul-tech.com\\\/et\\\/pollumajandusidu-juht-poliitikud-on-liiga-kaua-uhel-kohal-olnud\\\/#article\",\"isPartOf\":{\"@id\":\"https:\\\/\\\/paul-tech.com\\\/et\\\/pollumajandusidu-juht-poliitikud-on-liiga-kaua-uhel-kohal-olnud\\\/\"},\"author\":{\"name\":\"Eve Plakk\",\"@id\":\"https:\\\/\\\/paul-tech.com\\\/#\\\/schema\\\/person\\\/695a3900ff81c49eb11e3a5c1e7d18a0\"},\"headline\":\"P\u00f5llumajandusidu juht: poliitikud on liiga kaua \u00fchel kohal olnud\",\"datePublished\":\"2023-03-06T07:32:10+00:00\",\"dateModified\":\"2026-03-12T15:52:32+00:00\",\"mainEntityOfPage\":{\"@id\":\"https:\\\/\\\/paul-tech.com\\\/et\\\/pollumajandusidu-juht-poliitikud-on-liiga-kaua-uhel-kohal-olnud\\\/\"},\"wordCount\":676,\"commentCount\":0,\"image\":{\"@id\":\"https:\\\/\\\/paul-tech.com\\\/et\\\/pollumajandusidu-juht-poliitikud-on-liiga-kaua-uhel-kohal-olnud\\\/#primaryimage\"},\"thumbnailUrl\":\"https:\\\/\\\/paul-tech.com\\\/wp-content\\\/uploads\\\/2022\\\/04\\\/Kolm-generatsiooni-panus-2.jpeg\",\"inLanguage\":\"et\",\"potentialAction\":[{\"@type\":\"CommentAction\",\"name\":\"Comment\",\"target\":[\"https:\\\/\\\/paul-tech.com\\\/et\\\/pollumajandusidu-juht-poliitikud-on-liiga-kaua-uhel-kohal-olnud\\\/#respond\"]}]},{\"@type\":\"WebPage\",\"@id\":\"https:\\\/\\\/paul-tech.com\\\/et\\\/pollumajandusidu-juht-poliitikud-on-liiga-kaua-uhel-kohal-olnud\\\/\",\"url\":\"https:\\\/\\\/paul-tech.com\\\/et\\\/pollumajandusidu-juht-poliitikud-on-liiga-kaua-uhel-kohal-olnud\\\/\",\"name\":\"P\u00f5llumajandusidu juht: poliitikud on liiga kaua \u00fchel kohal olnud - Paul-Tech\",\"isPartOf\":{\"@id\":\"https:\\\/\\\/paul-tech.com\\\/#website\"},\"primaryImageOfPage\":{\"@id\":\"https:\\\/\\\/paul-tech.com\\\/et\\\/pollumajandusidu-juht-poliitikud-on-liiga-kaua-uhel-kohal-olnud\\\/#primaryimage\"},\"image\":{\"@id\":\"https:\\\/\\\/paul-tech.com\\\/et\\\/pollumajandusidu-juht-poliitikud-on-liiga-kaua-uhel-kohal-olnud\\\/#primaryimage\"},\"thumbnailUrl\":\"https:\\\/\\\/paul-tech.com\\\/wp-content\\\/uploads\\\/2022\\\/04\\\/Kolm-generatsiooni-panus-2.jpeg\",\"datePublished\":\"2023-03-06T07:32:10+00:00\",\"dateModified\":\"2026-03-12T15:52:32+00:00\",\"author\":{\"@id\":\"https:\\\/\\\/paul-tech.com\\\/#\\\/schema\\\/person\\\/695a3900ff81c49eb11e3a5c1e7d18a0\"},\"breadcrumb\":{\"@id\":\"https:\\\/\\\/paul-tech.com\\\/et\\\/pollumajandusidu-juht-poliitikud-on-liiga-kaua-uhel-kohal-olnud\\\/#breadcrumb\"},\"inLanguage\":\"et\",\"potentialAction\":[{\"@type\":\"ReadAction\",\"target\":[\"https:\\\/\\\/paul-tech.com\\\/et\\\/pollumajandusidu-juht-poliitikud-on-liiga-kaua-uhel-kohal-olnud\\\/\"]}]},{\"@type\":\"ImageObject\",\"inLanguage\":\"et\",\"@id\":\"https:\\\/\\\/paul-tech.com\\\/et\\\/pollumajandusidu-juht-poliitikud-on-liiga-kaua-uhel-kohal-olnud\\\/#primaryimage\",\"url\":\"https:\\\/\\\/paul-tech.com\\\/wp-content\\\/uploads\\\/2022\\\/04\\\/Kolm-generatsiooni-panus-2.jpeg\",\"contentUrl\":\"https:\\\/\\\/paul-tech.com\\\/wp-content\\\/uploads\\\/2022\\\/04\\\/Kolm-generatsiooni-panus-2.jpeg\",\"width\":1200,\"height\":711},{\"@type\":\"BreadcrumbList\",\"@id\":\"https:\\\/\\\/paul-tech.com\\\/et\\\/pollumajandusidu-juht-poliitikud-on-liiga-kaua-uhel-kohal-olnud\\\/#breadcrumb\",\"itemListElement\":[{\"@type\":\"ListItem\",\"position\":1,\"name\":\"Home\",\"item\":\"https:\\\/\\\/paul-tech.com\\\/et\\\/\"},{\"@type\":\"ListItem\",\"position\":2,\"name\":\"P\u00f5llumajandusidu juht: poliitikud on liiga kaua \u00fchel kohal olnud\"}]},{\"@type\":\"WebSite\",\"@id\":\"https:\\\/\\\/paul-tech.com\\\/#website\",\"url\":\"https:\\\/\\\/paul-tech.com\\\/\",\"name\":\"Paul-Tech\",\"description\":\"\",\"potentialAction\":[{\"@type\":\"SearchAction\",\"target\":{\"@type\":\"EntryPoint\",\"urlTemplate\":\"https:\\\/\\\/paul-tech.com\\\/?s={search_term_string}\"},\"query-input\":{\"@type\":\"PropertyValueSpecification\",\"valueRequired\":true,\"valueName\":\"search_term_string\"}}],\"inLanguage\":\"et\"},{\"@type\":\"Person\",\"@id\":\"https:\\\/\\\/paul-tech.com\\\/#\\\/schema\\\/person\\\/695a3900ff81c49eb11e3a5c1e7d18a0\",\"name\":\"Eve Plakk\",\"image\":{\"@type\":\"ImageObject\",\"inLanguage\":\"et\",\"@id\":\"https:\\\/\\\/secure.gravatar.com\\\/avatar\\\/bdffbf9c62c26294ecdc6d479dad953f7b12a68f3e6e23e685b837fbae522701?s=96&d=mm&r=g\",\"url\":\"https:\\\/\\\/secure.gravatar.com\\\/avatar\\\/bdffbf9c62c26294ecdc6d479dad953f7b12a68f3e6e23e685b837fbae522701?s=96&d=mm&r=g\",\"contentUrl\":\"https:\\\/\\\/secure.gravatar.com\\\/avatar\\\/bdffbf9c62c26294ecdc6d479dad953f7b12a68f3e6e23e685b837fbae522701?s=96&d=mm&r=g\",\"caption\":\"Eve Plakk\"},\"url\":\"https:\\\/\\\/paul-tech.com\\\/et\\\/author\\\/eve\\\/\"}]}<\/script>\n<!-- \/ Yoast SEO Premium plugin. -->","yoast_head_json":{"title":"P\u00f5llumajandusidu juht: poliitikud on liiga kaua \u00fchel kohal olnud - Paul-Tech","robots":{"index":"index","follow":"follow","max-snippet":"max-snippet:-1","max-image-preview":"max-image-preview:large","max-video-preview":"max-video-preview:-1"},"canonical":"https:\/\/paul-tech.com\/et\/pollumajandusidu-juht-poliitikud-on-liiga-kaua-uhel-kohal-olnud\/","og_locale":"et_EE","og_type":"article","og_title":"P\u00f5llumajandusidu juht: poliitikud on liiga kaua \u00fchel kohal olnud","og_description":"Autor: Mikk Plakk \u2022 1. m\u00e4rts 2023 Idufirma Paul-Tech tegevjuhi Mikk Plakki s\u00f5nul ei oska poliitikud innovatiivselt m\u00f5elda.Foto: Marko S\u00f6\u00f6nurm...","og_url":"https:\/\/paul-tech.com\/et\/pollumajandusidu-juht-poliitikud-on-liiga-kaua-uhel-kohal-olnud\/","og_site_name":"Paul-Tech","article_published_time":"2023-03-06T07:32:10+00:00","article_modified_time":"2026-03-12T15:52:32+00:00","og_image":[{"width":1200,"height":711,"url":"https:\/\/paul-tech.com\/wp-content\/uploads\/2022\/04\/Kolm-generatsiooni-panus-2.jpeg","type":"image\/jpeg"}],"author":"Eve Plakk","twitter_card":"summary_large_image","twitter_misc":{"Written by":"Eve Plakk","Est. reading time":"1 minute"},"schema":{"@context":"https:\/\/schema.org","@graph":[{"@type":"Article","@id":"https:\/\/paul-tech.com\/et\/pollumajandusidu-juht-poliitikud-on-liiga-kaua-uhel-kohal-olnud\/#article","isPartOf":{"@id":"https:\/\/paul-tech.com\/et\/pollumajandusidu-juht-poliitikud-on-liiga-kaua-uhel-kohal-olnud\/"},"author":{"name":"Eve Plakk","@id":"https:\/\/paul-tech.com\/#\/schema\/person\/695a3900ff81c49eb11e3a5c1e7d18a0"},"headline":"P\u00f5llumajandusidu juht: poliitikud on liiga kaua \u00fchel kohal olnud","datePublished":"2023-03-06T07:32:10+00:00","dateModified":"2026-03-12T15:52:32+00:00","mainEntityOfPage":{"@id":"https:\/\/paul-tech.com\/et\/pollumajandusidu-juht-poliitikud-on-liiga-kaua-uhel-kohal-olnud\/"},"wordCount":676,"commentCount":0,"image":{"@id":"https:\/\/paul-tech.com\/et\/pollumajandusidu-juht-poliitikud-on-liiga-kaua-uhel-kohal-olnud\/#primaryimage"},"thumbnailUrl":"https:\/\/paul-tech.com\/wp-content\/uploads\/2022\/04\/Kolm-generatsiooni-panus-2.jpeg","inLanguage":"et","potentialAction":[{"@type":"CommentAction","name":"Comment","target":["https:\/\/paul-tech.com\/et\/pollumajandusidu-juht-poliitikud-on-liiga-kaua-uhel-kohal-olnud\/#respond"]}]},{"@type":"WebPage","@id":"https:\/\/paul-tech.com\/et\/pollumajandusidu-juht-poliitikud-on-liiga-kaua-uhel-kohal-olnud\/","url":"https:\/\/paul-tech.com\/et\/pollumajandusidu-juht-poliitikud-on-liiga-kaua-uhel-kohal-olnud\/","name":"P\u00f5llumajandusidu juht: poliitikud on liiga kaua \u00fchel kohal olnud - Paul-Tech","isPartOf":{"@id":"https:\/\/paul-tech.com\/#website"},"primaryImageOfPage":{"@id":"https:\/\/paul-tech.com\/et\/pollumajandusidu-juht-poliitikud-on-liiga-kaua-uhel-kohal-olnud\/#primaryimage"},"image":{"@id":"https:\/\/paul-tech.com\/et\/pollumajandusidu-juht-poliitikud-on-liiga-kaua-uhel-kohal-olnud\/#primaryimage"},"thumbnailUrl":"https:\/\/paul-tech.com\/wp-content\/uploads\/2022\/04\/Kolm-generatsiooni-panus-2.jpeg","datePublished":"2023-03-06T07:32:10+00:00","dateModified":"2026-03-12T15:52:32+00:00","author":{"@id":"https:\/\/paul-tech.com\/#\/schema\/person\/695a3900ff81c49eb11e3a5c1e7d18a0"},"breadcrumb":{"@id":"https:\/\/paul-tech.com\/et\/pollumajandusidu-juht-poliitikud-on-liiga-kaua-uhel-kohal-olnud\/#breadcrumb"},"inLanguage":"et","potentialAction":[{"@type":"ReadAction","target":["https:\/\/paul-tech.com\/et\/pollumajandusidu-juht-poliitikud-on-liiga-kaua-uhel-kohal-olnud\/"]}]},{"@type":"ImageObject","inLanguage":"et","@id":"https:\/\/paul-tech.com\/et\/pollumajandusidu-juht-poliitikud-on-liiga-kaua-uhel-kohal-olnud\/#primaryimage","url":"https:\/\/paul-tech.com\/wp-content\/uploads\/2022\/04\/Kolm-generatsiooni-panus-2.jpeg","contentUrl":"https:\/\/paul-tech.com\/wp-content\/uploads\/2022\/04\/Kolm-generatsiooni-panus-2.jpeg","width":1200,"height":711},{"@type":"BreadcrumbList","@id":"https:\/\/paul-tech.com\/et\/pollumajandusidu-juht-poliitikud-on-liiga-kaua-uhel-kohal-olnud\/#breadcrumb","itemListElement":[{"@type":"ListItem","position":1,"name":"Home","item":"https:\/\/paul-tech.com\/et\/"},{"@type":"ListItem","position":2,"name":"P\u00f5llumajandusidu juht: poliitikud on liiga kaua \u00fchel kohal olnud"}]},{"@type":"WebSite","@id":"https:\/\/paul-tech.com\/#website","url":"https:\/\/paul-tech.com\/","name":"Paul-Tech","description":"","potentialAction":[{"@type":"SearchAction","target":{"@type":"EntryPoint","urlTemplate":"https:\/\/paul-tech.com\/?s={search_term_string}"},"query-input":{"@type":"PropertyValueSpecification","valueRequired":true,"valueName":"search_term_string"}}],"inLanguage":"et"},{"@type":"Person","@id":"https:\/\/paul-tech.com\/#\/schema\/person\/695a3900ff81c49eb11e3a5c1e7d18a0","name":"Eve Plakk","image":{"@type":"ImageObject","inLanguage":"et","@id":"https:\/\/secure.gravatar.com\/avatar\/bdffbf9c62c26294ecdc6d479dad953f7b12a68f3e6e23e685b837fbae522701?s=96&d=mm&r=g","url":"https:\/\/secure.gravatar.com\/avatar\/bdffbf9c62c26294ecdc6d479dad953f7b12a68f3e6e23e685b837fbae522701?s=96&d=mm&r=g","contentUrl":"https:\/\/secure.gravatar.com\/avatar\/bdffbf9c62c26294ecdc6d479dad953f7b12a68f3e6e23e685b837fbae522701?s=96&d=mm&r=g","caption":"Eve Plakk"},"url":"https:\/\/paul-tech.com\/et\/author\/eve\/"}]}},"_links":{"self":[{"href":"https:\/\/paul-tech.com\/et\/wp-json\/wp\/v2\/posts\/911","targetHints":{"allow":["GET"]}}],"collection":[{"href":"https:\/\/paul-tech.com\/et\/wp-json\/wp\/v2\/posts"}],"about":[{"href":"https:\/\/paul-tech.com\/et\/wp-json\/wp\/v2\/types\/post"}],"author":[{"embeddable":true,"href":"https:\/\/paul-tech.com\/et\/wp-json\/wp\/v2\/users\/5"}],"replies":[{"embeddable":true,"href":"https:\/\/paul-tech.com\/et\/wp-json\/wp\/v2\/comments?post=911"}],"version-history":[{"count":2,"href":"https:\/\/paul-tech.com\/et\/wp-json\/wp\/v2\/posts\/911\/revisions"}],"predecessor-version":[{"id":6332,"href":"https:\/\/paul-tech.com\/et\/wp-json\/wp\/v2\/posts\/911\/revisions\/6332"}],"wp:featuredmedia":[{"embeddable":true,"href":"https:\/\/paul-tech.com\/et\/wp-json\/wp\/v2\/media\/626"}],"wp:attachment":[{"href":"https:\/\/paul-tech.com\/et\/wp-json\/wp\/v2\/media?parent=911"}],"wp:term":[{"taxonomy":"category","embeddable":true,"href":"https:\/\/paul-tech.com\/et\/wp-json\/wp\/v2\/categories?post=911"},{"taxonomy":"post_tag","embeddable":true,"href":"https:\/\/paul-tech.com\/et\/wp-json\/wp\/v2\/tags?post=911"}],"curies":[{"name":"wp","href":"https:\/\/api.w.org\/{rel}","templated":true}]}}